{"id":23668,"date":"2025-06-17T22:26:30","date_gmt":"2025-06-17T20:26:30","guid":{"rendered":"https:\/\/archers91.fr\/?p=23668"},"modified":"2025-10-15T12:06:24","modified_gmt":"2025-10-15T10:06:24","slug":"sejour-jeunes-aout-2025","status":"publish","type":"post","link":"https:\/\/archers91.fr\/?p=23668","title":{"rendered":"S\u00e9jour Jeunes Ao\u00fbt 2025"},"content":{"rendered":"\n<div class=\"wp-block-columns is-layout-flex wp-container-core-columns-is-layout-9d6595d7 wp-block-columns-is-layout-flex\">\n<div class=\"wp-block-column is-layout-flow wp-block-column-is-layout-flow\">\n<div class=\"wp-block-columns is-layout-flex wp-container-core-columns-is-layout-9d6595d7 wp-block-columns-is-layout-flex\">\n<div class=\"wp-block-column is-layout-flow wp-block-column-is-layout-flow\" style=\"flex-basis:33.33%\">\n<figure class=\"wp-block-image size-large\"><img loading=\"lazy\" decoding=\"async\" width=\"724\" height=\"1024\" src=\"https:\/\/archers91.fr\/wp-content\/uploads\/2025\/06\/20250824-Sejour-Jeunes-724x1024.jpg\" alt=\"\" class=\"wp-image-23696\" srcset=\"https:\/\/archers91.fr\/wp-content\/uploads\/2025\/06\/20250824-Sejour-Jeunes-724x1024.jpg 724w, https:\/\/archers91.fr\/wp-content\/uploads\/2025\/06\/20250824-Sejour-Jeunes-212x300.jpg 212w, https:\/\/archers91.fr\/wp-content\/uploads\/2025\/06\/20250824-Sejour-Jeunes-768x1086.jpg 768w, https:\/\/archers91.fr\/wp-content\/uploads\/2025\/06\/20250824-Sejour-Jeunes-1086x1536.jpg 1086w, https:\/\/archers91.fr\/wp-content\/uploads\/2025\/06\/20250824-Sejour-Jeunes.jpg 1414w\" sizes=\"auto, (max-width: 724px) 100vw, 724px\" \/><\/figure>\n<\/div>\n\n\n\n<div class=\"wp-block-column is-layout-flow wp-block-column-is-layout-flow\" style=\"flex-basis:66.66%\">\n<p class=\"has-text-align-center\">Le prochain s\u00e9jour Jeunes aura lieu du 25 au 29 ao\u00fbt 2025 \u00e0 Chamarande.<\/p>\n\n\n\n<p class=\"has-text-align-center\">Toutes les infos &gt;&gt; <a href=\"https:\/\/archers91.fr\/?page_id=1294\" data-type=\"page\" data-id=\"1294\">S\u00e9jour Jeunes<\/a><\/p>\n<\/div>\n<\/div>\n<\/div>\n<\/div>\n","protected":false},"excerpt":{"rendered":"<p>Le prochain s\u00e9jour Jeunes aura lieu du 25 au 29 ao\u00fbt 2025 \u00e0 Chamarande. Toutes les infos &gt;&gt; S\u00e9jour Jeunes<\/p>\n","protected":false},"author":8,"featured_media":0,"comment_status":"closed","ping_status":"","sticky":false,"template":"","format":"standard","meta":{"footnotes":""},"categories":[2],"tags":[],"class_list":["post-23668","post","type-post","status-publish","format-standard","hentry","category-actualite"],"_links":{"self":[{"href":"https:\/\/archers91.fr\/index.php?rest_route=\/wp\/v2\/posts\/23668","targetHints":{"allow":["GET"]}}],"collection":[{"href":"https:\/\/archers91.fr\/index.php?rest_route=\/wp\/v2\/posts"}],"about":[{"href":"https:\/\/archers91.fr\/index.php?rest_route=\/wp\/v2\/types\/post"}],"author":[{"embeddable":true,"href":"https:\/\/archers91.fr\/index.php?rest_route=\/wp\/v2\/users\/8"}],"replies":[{"embeddable":true,"href":"https:\/\/archers91.fr\/index.php?rest_route=%2Fwp%2Fv2%2Fcomments&post=23668"}],"version-history":[{"count":10,"href":"https:\/\/archers91.fr\/index.php?rest_route=\/wp\/v2\/posts\/23668\/revisions"}],"predecessor-version":[{"id":23876,"href":"https:\/\/archers91.fr\/index.php?rest_route=\/wp\/v2\/posts\/23668\/revisions\/23876"}],"wp:attachment":[{"href":"https:\/\/archers91.fr\/index.php?rest_route=%2Fwp%2Fv2%2Fmedia&parent=23668"}],"wp:term":[{"taxonomy":"category","embeddable":true,"href":"https:\/\/archers91.fr\/index.php?rest_route=%2Fwp%2Fv2%2Fcategories&post=23668"},{"taxonomy":"post_tag","embeddable":true,"href":"https:\/\/archers91.fr\/index.php?rest_route=%2Fwp%2Fv2%2Ftags&post=23668"}],"curies":[{"name":"wp","href":"https:\/\/api.w.org\/{rel}","templated":true}]}}