{"id":23728,"date":"2025-07-22T22:10:18","date_gmt":"2025-07-22T20:10:18","guid":{"rendered":"https:\/\/archers91.fr\/?p=23728"},"modified":"2025-10-15T12:04:50","modified_gmt":"2025-10-15T10:04:50","slug":"annulation-sejour-jeunes","status":"publish","type":"post","link":"https:\/\/archers91.fr\/?p=23728","title":{"rendered":"Annulation S\u00e9jour Jeunes"},"content":{"rendered":"\n<div class=\"wp-block-columns is-layout-flex wp-container-core-columns-is-layout-9d6595d7 wp-block-columns-is-layout-flex\">\n<div class=\"wp-block-column is-layout-flow wp-block-column-is-layout-flow\">\n<div class=\"wp-block-columns is-layout-flex wp-container-core-columns-is-layout-9d6595d7 wp-block-columns-is-layout-flex\">\n<div class=\"wp-block-column is-layout-flow wp-block-column-is-layout-flow\">\n<figure class=\"wp-block-image size-large\"><img loading=\"lazy\" decoding=\"async\" width=\"1024\" height=\"1024\" src=\"https:\/\/archers91.fr\/wp-content\/uploads\/2025\/07\/250722-Journees-entrainement-1024x1024.png\" alt=\"\" class=\"wp-image-23729\" srcset=\"https:\/\/archers91.fr\/wp-content\/uploads\/2025\/07\/250722-Journees-entrainement-1024x1024.png 1024w, https:\/\/archers91.fr\/wp-content\/uploads\/2025\/07\/250722-Journees-entrainement-300x300.png 300w, https:\/\/archers91.fr\/wp-content\/uploads\/2025\/07\/250722-Journees-entrainement-150x150.png 150w, https:\/\/archers91.fr\/wp-content\/uploads\/2025\/07\/250722-Journees-entrainement-768x768.png 768w, https:\/\/archers91.fr\/wp-content\/uploads\/2025\/07\/250722-Journees-entrainement-144x144.png 144w, https:\/\/archers91.fr\/wp-content\/uploads\/2025\/07\/250722-Journees-entrainement-100x100.png 100w, https:\/\/archers91.fr\/wp-content\/uploads\/2025\/07\/250722-Journees-entrainement.png 1080w\" sizes=\"auto, (max-width: 1024px) 100vw, 1024px\" \/><\/figure>\n<\/div>\n\n\n\n<div class=\"wp-block-column is-layout-flow wp-block-column-is-layout-flow\">\n<p>Le site de Chamarande ne pourra malheureusement pas accueillir le s\u00e9jour jeunes qui \u00e9tait pr\u00e9vu du 25 au 29 ao\u00fbt 2025 pour cause de travaux.<\/p>\n\n\n\n<p>En remplacement, nous vous proposons 3 jours d&rsquo;entrainement encadr\u00e9s par le DEJEPS du comit\u00e9 du mardi 26 au jeudi 28 ao\u00fbt 2025 sur le terrain du club de Orsay.<\/p>\n\n\n\n<p>Tarif : 110\u20ac les 3 jours<br>Horaires : 9h00 &#8211; 16h30<br>R\u00e9serv\u00e9 aux jeunes licenci\u00e9s FFTA de 10 \u00e0 17 ans (\u00e0 partir de la deuxi\u00e8me ann\u00e9e de licence) <\/p>\n\n\n\n<p>Inscriptions et renseignements : secretariat@archers91.fr<\/p>\n<\/div>\n<\/div>\n<\/div>\n<\/div>\n","protected":false},"excerpt":{"rendered":"<p>Le site de Chamarande ne pourra malheureusement pas accueillir le s\u00e9jour jeunes qui \u00e9tait pr\u00e9vu du 25 au 29 ao\u00fbt 2025 pour cause de travaux. En remplacement, nous vous proposons 3 jours d&rsquo;entrainement encadr\u00e9s par le DEJEPS du comit\u00e9 du mardi 26 au jeudi 28 ao\u00fbt 2025 sur le terrain du club de Orsay. Tarif [&hellip;]<\/p>\n","protected":false},"author":8,"featured_media":0,"comment_status":"closed","ping_status":"","sticky":false,"template":"","format":"standard","meta":{"footnotes":""},"categories":[2],"tags":[],"class_list":["post-23728","post","type-post","status-publish","format-standard","hentry","category-actualite"],"_links":{"self":[{"href":"https:\/\/archers91.fr\/index.php?rest_route=\/wp\/v2\/posts\/23728","targetHints":{"allow":["GET"]}}],"collection":[{"href":"https:\/\/archers91.fr\/index.php?rest_route=\/wp\/v2\/posts"}],"about":[{"href":"https:\/\/archers91.fr\/index.php?rest_route=\/wp\/v2\/types\/post"}],"author":[{"embeddable":true,"href":"https:\/\/archers91.fr\/index.php?rest_route=\/wp\/v2\/users\/8"}],"replies":[{"embeddable":true,"href":"https:\/\/archers91.fr\/index.php?rest_route=%2Fwp%2Fv2%2Fcomments&post=23728"}],"version-history":[{"count":3,"href":"https:\/\/archers91.fr\/index.php?rest_route=\/wp\/v2\/posts\/23728\/revisions"}],"predecessor-version":[{"id":23873,"href":"https:\/\/archers91.fr\/index.php?rest_route=\/wp\/v2\/posts\/23728\/revisions\/23873"}],"wp:attachment":[{"href":"https:\/\/archers91.fr\/index.php?rest_route=%2Fwp%2Fv2%2Fmedia&parent=23728"}],"wp:term":[{"taxonomy":"category","embeddable":true,"href":"https:\/\/archers91.fr\/index.php?rest_route=%2Fwp%2Fv2%2Fcategories&post=23728"},{"taxonomy":"post_tag","embeddable":true,"href":"https:\/\/archers91.fr\/index.php?rest_route=%2Fwp%2Fv2%2Ftags&post=23728"}],"curies":[{"name":"wp","href":"https:\/\/api.w.org\/{rel}","templated":true}]}}