{"id":23877,"date":"2025-10-15T14:41:15","date_gmt":"2025-10-15T12:41:15","guid":{"rendered":"https:\/\/archers91.fr\/?p=23877"},"modified":"2025-10-16T12:11:28","modified_gmt":"2025-10-16T10:11:28","slug":"championnat-de-france-beursault-et-grand-prix-du-bouquet","status":"publish","type":"post","link":"https:\/\/archers91.fr\/?p=23877","title":{"rendered":"Championnat de France Beursault et Grand Prix du bouquet"},"content":{"rendered":"\n<p><\/p>\n\n\n\n<p>Le championnat de France Beursault 2025 s&rsquo;est d\u00e9roul\u00e9 \u00e0 Soissons (02) le dimanche 5 octobre.<\/p>\n\n\n\n<p>30 athl\u00e8tes ont repr\u00e9sent\u00e9 notre d\u00e9partement lors de ce championnat. <\/p>\n\n\n\n<div class=\"wp-block-columns is-layout-flex wp-container-core-columns-is-layout-9d6595d7 wp-block-columns-is-layout-flex\">\n<div class=\"wp-block-column is-layout-flow wp-block-column-is-layout-flow\">\n<p>L&rsquo;Essonne remporte 2 podiums :<br><img loading=\"lazy\" decoding=\"async\" height=\"16\" width=\"16\" src=\"https:\/\/static.xx.fbcdn.net\/images\/emoji.php\/v9\/t15\/1\/16\/1f948.png\" alt=\"\ud83e\udd48\"> PEYRAT Sandrine (Morangis) en S1Co<br><img loading=\"lazy\" decoding=\"async\" height=\"16\" width=\"16\" src=\"https:\/\/static.xx.fbcdn.net\/images\/emoji.php\/v9\/t96\/1\/16\/1f949.png\" alt=\"\ud83e\udd49\"> LEBORDAIS Bertrand (Egly) S3Co<\/p>\n<\/div>\n\n\n\n<div class=\"wp-block-column is-layout-flow wp-block-column-is-layout-flow\">\n<figure class=\"wp-block-image size-large\"><img loading=\"lazy\" decoding=\"async\" width=\"1024\" height=\"683\" src=\"https:\/\/archers91.fr\/wp-content\/uploads\/2025\/10\/563412263_1336427457822219_1826957354133129535_n-1024x683.jpg\" alt=\"\" class=\"wp-image-23879\" srcset=\"https:\/\/archers91.fr\/wp-content\/uploads\/2025\/10\/563412263_1336427457822219_1826957354133129535_n-1024x683.jpg 1024w, https:\/\/archers91.fr\/wp-content\/uploads\/2025\/10\/563412263_1336427457822219_1826957354133129535_n-300x200.jpg 300w, https:\/\/archers91.fr\/wp-content\/uploads\/2025\/10\/563412263_1336427457822219_1826957354133129535_n-768x512.jpg 768w, https:\/\/archers91.fr\/wp-content\/uploads\/2025\/10\/563412263_1336427457822219_1826957354133129535_n.jpg 1440w\" sizes=\"auto, (max-width: 1024px) 100vw, 1024px\" \/><\/figure>\n<\/div>\n\n\n\n<div class=\"wp-block-column is-layout-flow wp-block-column-is-layout-flow\">\n<figure class=\"wp-block-image size-large\"><img loading=\"lazy\" decoding=\"async\" width=\"1024\" height=\"683\" src=\"https:\/\/archers91.fr\/wp-content\/uploads\/2025\/10\/558856364_1336427461155552_4993848460448508916_n-1024x683.jpg\" alt=\"\" class=\"wp-image-23880\" srcset=\"https:\/\/archers91.fr\/wp-content\/uploads\/2025\/10\/558856364_1336427461155552_4993848460448508916_n-1024x683.jpg 1024w, https:\/\/archers91.fr\/wp-content\/uploads\/2025\/10\/558856364_1336427461155552_4993848460448508916_n-300x200.jpg 300w, https:\/\/archers91.fr\/wp-content\/uploads\/2025\/10\/558856364_1336427461155552_4993848460448508916_n-768x512.jpg 768w, https:\/\/archers91.fr\/wp-content\/uploads\/2025\/10\/558856364_1336427461155552_4993848460448508916_n.jpg 1440w\" sizes=\"auto, (max-width: 1024px) 100vw, 1024px\" \/><\/figure>\n<\/div>\n<\/div>\n\n\n\n<p>Les r\u00e9compenses du Bouquet Provincial 2025 ont \u00e9galement \u00e9t\u00e9 remises lors de cette journ\u00e9e. De nombreux archers essonniens ont particip\u00e9 au tir du Bouquet tout au long de la saison.<\/p>\n\n\n\n<div class=\"wp-block-columns is-layout-flex wp-container-core-columns-is-layout-9d6595d7 wp-block-columns-is-layout-flex\">\n<div class=\"wp-block-column is-layout-flow wp-block-column-is-layout-flow\">\n<p>L&rsquo;Essonne remporte 2 podiums :<br><img loading=\"lazy\" decoding=\"async\" height=\"16\" width=\"16\" src=\"https:\/\/static.xx.fbcdn.net\/images\/emoji.php\/v9\/t15\/1\/16\/1f948.png\" alt=\"\ud83e\udd48\"> LEBORDAIS Bertrand (Egly) S3Co<br><img loading=\"lazy\" decoding=\"async\" height=\"16\" width=\"16\" src=\"https:\/\/static.xx.fbcdn.net\/images\/emoji.php\/v9\/t96\/1\/16\/1f949.png\" alt=\"\ud83e\udd49\"> VERG\u00c9 Coraline (Massy) en U13<\/p>\n<\/div>\n\n\n\n<div class=\"wp-block-column is-layout-flow wp-block-column-is-layout-flow\">\n<figure class=\"wp-block-image size-large\"><img loading=\"lazy\" decoding=\"async\" width=\"900\" height=\"1200\" src=\"https:\/\/archers91.fr\/wp-content\/uploads\/2025\/10\/WhatsApp-Image-2025-10-16-at-11.37.15-edited.jpeg\" alt=\"\" class=\"wp-image-23889\" srcset=\"https:\/\/archers91.fr\/wp-content\/uploads\/2025\/10\/WhatsApp-Image-2025-10-16-at-11.37.15-edited.jpeg 900w, https:\/\/archers91.fr\/wp-content\/uploads\/2025\/10\/WhatsApp-Image-2025-10-16-at-11.37.15-edited-225x300.jpeg 225w, https:\/\/archers91.fr\/wp-content\/uploads\/2025\/10\/WhatsApp-Image-2025-10-16-at-11.37.15-edited-768x1024.jpeg 768w\" sizes=\"auto, (max-width: 900px) 100vw, 900px\" \/><\/figure>\n<\/div>\n\n\n\n<div class=\"wp-block-column is-layout-flow wp-block-column-is-layout-flow\">\n<figure class=\"wp-block-image size-large\"><img loading=\"lazy\" decoding=\"async\" width=\"768\" height=\"1024\" src=\"https:\/\/archers91.fr\/wp-content\/uploads\/2025\/10\/WhatsApp-Image-2025-10-05-at-18.18.30-768x1024.jpeg\" alt=\"\" class=\"wp-image-23878\" srcset=\"https:\/\/archers91.fr\/wp-content\/uploads\/2025\/10\/WhatsApp-Image-2025-10-05-at-18.18.30-768x1024.jpeg 768w, https:\/\/archers91.fr\/wp-content\/uploads\/2025\/10\/WhatsApp-Image-2025-10-05-at-18.18.30-225x300.jpeg 225w, https:\/\/archers91.fr\/wp-content\/uploads\/2025\/10\/WhatsApp-Image-2025-10-05-at-18.18.30-1152x1536.jpeg 1152w, https:\/\/archers91.fr\/wp-content\/uploads\/2025\/10\/WhatsApp-Image-2025-10-05-at-18.18.30.jpeg 1536w\" sizes=\"auto, (max-width: 768px) 100vw, 768px\" \/><\/figure>\n<\/div>\n<\/div>\n","protected":false},"excerpt":{"rendered":"<p>Le championnat de France Beursault 2025 s&rsquo;est d\u00e9roul\u00e9 \u00e0 Soissons (02) le dimanche 5 octobre. 30 athl\u00e8tes ont repr\u00e9sent\u00e9 notre d\u00e9partement lors de ce championnat. L&rsquo;Essonne remporte 2 podiums : PEYRAT Sandrine (Morangis) en S1Co LEBORDAIS Bertrand (Egly) S3Co Les r\u00e9compenses du Bouquet Provincial 2025 ont \u00e9galement \u00e9t\u00e9 remises lors de cette journ\u00e9e. De nombreux [&hellip;]<\/p>\n","protected":false},"author":8,"featured_media":0,"comment_status":"closed","ping_status":"","sticky":false,"template":"","format":"standard","meta":{"footnotes":""},"categories":[2],"tags":[],"class_list":["post-23877","post","type-post","status-publish","format-standard","hentry","category-actualite"],"_links":{"self":[{"href":"https:\/\/archers91.fr\/index.php?rest_route=\/wp\/v2\/posts\/23877","targetHints":{"allow":["GET"]}}],"collection":[{"href":"https:\/\/archers91.fr\/index.php?rest_route=\/wp\/v2\/posts"}],"about":[{"href":"https:\/\/archers91.fr\/index.php?rest_route=\/wp\/v2\/types\/post"}],"author":[{"embeddable":true,"href":"https:\/\/archers91.fr\/index.php?rest_route=\/wp\/v2\/users\/8"}],"replies":[{"embeddable":true,"href":"https:\/\/archers91.fr\/index.php?rest_route=%2Fwp%2Fv2%2Fcomments&post=23877"}],"version-history":[{"count":3,"href":"https:\/\/archers91.fr\/index.php?rest_route=\/wp\/v2\/posts\/23877\/revisions"}],"predecessor-version":[{"id":23890,"href":"https:\/\/archers91.fr\/index.php?rest_route=\/wp\/v2\/posts\/23877\/revisions\/23890"}],"wp:attachment":[{"href":"https:\/\/archers91.fr\/index.php?rest_route=%2Fwp%2Fv2%2Fmedia&parent=23877"}],"wp:term":[{"taxonomy":"category","embeddable":true,"href":"https:\/\/archers91.fr\/index.php?rest_route=%2Fwp%2Fv2%2Fcategories&post=23877"},{"taxonomy":"post_tag","embeddable":true,"href":"https:\/\/archers91.fr\/index.php?rest_route=%2Fwp%2Fv2%2Ftags&post=23877"}],"curies":[{"name":"wp","href":"https:\/\/api.w.org\/{rel}","templated":true}]}}