{"id":23908,"date":"2025-10-21T17:41:56","date_gmt":"2025-10-21T15:41:56","guid":{"rendered":"https:\/\/archers91.fr\/?p=23908"},"modified":"2025-10-21T17:41:56","modified_gmt":"2025-10-21T15:41:56","slug":"femina-duo-91","status":"publish","type":"post","link":"https:\/\/archers91.fr\/?p=23908","title":{"rendered":"Femina-Duo 91"},"content":{"rendered":"\n<p>Deux arch\u00e8res, un duo, une cible !<\/p>\n\n\n\n<div class=\"wp-block-columns is-layout-flex wp-container-core-columns-is-layout-9d6595d7 wp-block-columns-is-layout-flex\">\n<div class=\"wp-block-column is-layout-flow wp-block-column-is-layout-flow\" style=\"flex-basis:33.33%\">\n<figure class=\"wp-block-image size-full\"><img loading=\"lazy\" decoding=\"async\" width=\"916\" height=\"763\" src=\"https:\/\/archers91.fr\/wp-content\/uploads\/2025\/10\/Femina-Duo-logo-1.png\" alt=\"\" class=\"wp-image-23903\" srcset=\"https:\/\/archers91.fr\/wp-content\/uploads\/2025\/10\/Femina-Duo-logo-1.png 916w, https:\/\/archers91.fr\/wp-content\/uploads\/2025\/10\/Femina-Duo-logo-1-300x250.png 300w, https:\/\/archers91.fr\/wp-content\/uploads\/2025\/10\/Femina-Duo-logo-1-768x640.png 768w\" sizes=\"auto, (max-width: 916px) 100vw, 916px\" \/><\/figure>\n<\/div>\n\n\n\n<div class=\"wp-block-column is-layout-flow wp-block-column-is-layout-flow\" style=\"flex-basis:66.66%\">\n<h2 class=\"wp-block-heading\">Le Femina-Duo, c&rsquo;est quoi ?<\/h2>\n\n\n\n<ul class=\"wp-block-list\">\n<li>un concept in\u00e9dit 100% f\u00e9minin<\/li>\n\n\n\n<li>un troph\u00e9e ouvert \u00e0 toutes les armes<\/li>\n\n\n\n<li>des qualifications et des matchs en duo (1 \u00ab\u00a0jeune\u00a0\u00bb + 1 \u00ab\u00a0adulte\u00a0\u00bb)<\/li>\n<\/ul>\n\n\n\n<h2 class=\"wp-block-heading\">Le Femina-Duo, c&rsquo;est quand et o\u00f9 ?<\/h2>\n\n\n\n<ul class=\"wp-block-list\">\n<li>Le dimanche 14 d\u00e9cembre 2025 \u00e0 Saint-Vrain (91)<\/li>\n<\/ul>\n\n\n\n<p>Plus d&rsquo;informations sur la <a href=\"https:\/\/archers91.fr\/?page_id=23901\" data-type=\"page\" data-id=\"23901\">page consacr\u00e9e \u00e0 l&rsquo;\u00e9v\u00e8nement<\/a>.<\/p>\n<\/div>\n<\/div>\n","protected":false},"excerpt":{"rendered":"<p>Deux arch\u00e8res, un duo, une cible ! Le Femina-Duo, c&rsquo;est quoi ? Le Femina-Duo, c&rsquo;est quand et o\u00f9 ? Plus d&rsquo;informations sur la page consacr\u00e9e \u00e0 l&rsquo;\u00e9v\u00e8nement.<\/p>\n","protected":false},"author":8,"featured_media":0,"comment_status":"closed","ping_status":"","sticky":false,"template":"","format":"standard","meta":{"footnotes":""},"categories":[2],"tags":[],"class_list":["post-23908","post","type-post","status-publish","format-standard","hentry","category-actualite"],"_links":{"self":[{"href":"https:\/\/archers91.fr\/index.php?rest_route=\/wp\/v2\/posts\/23908","targetHints":{"allow":["GET"]}}],"collection":[{"href":"https:\/\/archers91.fr\/index.php?rest_route=\/wp\/v2\/posts"}],"about":[{"href":"https:\/\/archers91.fr\/index.php?rest_route=\/wp\/v2\/types\/post"}],"author":[{"embeddable":true,"href":"https:\/\/archers91.fr\/index.php?rest_route=\/wp\/v2\/users\/8"}],"replies":[{"embeddable":true,"href":"https:\/\/archers91.fr\/index.php?rest_route=%2Fwp%2Fv2%2Fcomments&post=23908"}],"version-history":[{"count":2,"href":"https:\/\/archers91.fr\/index.php?rest_route=\/wp\/v2\/posts\/23908\/revisions"}],"predecessor-version":[{"id":24001,"href":"https:\/\/archers91.fr\/index.php?rest_route=\/wp\/v2\/posts\/23908\/revisions\/24001"}],"wp:attachment":[{"href":"https:\/\/archers91.fr\/index.php?rest_route=%2Fwp%2Fv2%2Fmedia&parent=23908"}],"wp:term":[{"taxonomy":"category","embeddable":true,"href":"https:\/\/archers91.fr\/index.php?rest_route=%2Fwp%2Fv2%2Fcategories&post=23908"},{"taxonomy":"post_tag","embeddable":true,"href":"https:\/\/archers91.fr\/index.php?rest_route=%2Fwp%2Fv2%2Ftags&post=23908"}],"curies":[{"name":"wp","href":"https:\/\/api.w.org\/{rel}","templated":true}]}}